{"id":2260,"date":"2025-11-25T12:31:37","date_gmt":"2025-11-25T11:31:37","guid":{"rendered":"https:\/\/marinaportvalencia.es\/marina-port-valencia-presents-catedra-del-mar-a-new-catalyst-for-innovation-and-sustainability\/"},"modified":"2025-11-25T12:31:37","modified_gmt":"2025-11-25T11:31:37","slug":"marina-port-valencia-presents-catedra-del-mar-a-new-catalyst-for-innovation-and-sustainability","status":"publish","type":"post","link":"https:\/\/marinaportvalencia.es\/en\/marina-port-valencia-presents-catedra-del-mar-a-new-catalyst-for-innovation-and-sustainability\/","title":{"rendered":"MARINA PORT VALENCIA PRESENTS C\u00c1TEDRA DEL MAR: A NEW CATALYST FOR INNOVATION AND SUSTAINABILITY"},"content":{"rendered":"<p style=\"text-align: center;\"><span style=\"color: #003366;\"><strong>Agreement elevating Valencia to the forefront of marine innovation signed at the Edificio del Reloj.<\/strong><strong> <\/strong><\/span><\/p>\n<p style=\"text-align: center;\"><span style=\"color: #003366;\"><strong>This new educational centre will promote cutting-edge projects in sustainability, digitisation, training and conservation of the Mediterranean.<\/strong><strong> <\/strong><\/span><\/p>\n<p style=\"text-align: center;\"><span style=\"color: #003366;\"><strong>The initiative underlines Marina Port Valencia&#8217;s commitment to the protection and development of the city&#8217;s maritime environment.<\/strong><strong> <\/strong><\/span><\/p>\n<p style=\"text-align: center;\"><span style=\"color: #003366;\"><strong>The C\u00e1tedra del Mar is promoted by Marina Port Valencia in partnership with the Polytechnic University of Valencia, the University of Alicante and Valencia Port Authority.<\/strong><\/span><\/p>\n<h5><img fetchpriority=\"high\" decoding=\"async\" class=\"wp-image-2256 size-medium aligncenter\" src=\"https:\/\/marinaportvalencia.es\/wp-content\/uploads\/2025\/12\/PORTADAS-NOTAS-DE-PRENSA-1-300x225.png\" alt=\"\" width=\"300\" height=\"225\" srcset=\"https:\/\/marinaportvalencia.es\/wp-content\/uploads\/2025\/12\/PORTADAS-NOTAS-DE-PRENSA-1-300x225.png 300w, https:\/\/marinaportvalencia.es\/wp-content\/uploads\/2025\/12\/PORTADAS-NOTAS-DE-PRENSA-1-768x576.png 768w, https:\/\/marinaportvalencia.es\/wp-content\/uploads\/2025\/12\/PORTADAS-NOTAS-DE-PRENSA-1.png 800w\" sizes=\"(max-width: 300px) 100vw, 300px\" \/><\/h5>\n<p><span style=\"color: #003366;\">This morning, the press room of the iconic Edificio del Reloj building became the venue for a gathering of leading figures from the academic, scientific, business and yachting communities, who came together to formalise the agreement creating the C\u00e1tedra del Mar: Centre for Innovation in New Technologies and the Marine Environment. This initiative is a pioneering effort led by Marina Port Valencia, in partnership with the Polytechnic University of Valencia, the University of Alicante and Valencia Port Authority.<\/span><\/p>\n<p>&nbsp;<\/p>\n<p><span style=\"color: #003366;\">The C\u00e1tedra del Mar aims to transform the Mediterranean into a living laboratory for innovation, sustainability and technological advancement in the yachting industry \u2013 bolstering Marina Port Valencia&#8217;s drive toward a forward-thinking, responsible model for managing the marine environment. The presentation ceremony was attended by Patrick Reyn\u00e9s, CEO of Marina Port Valencia; Elena de la Poza, Vice-Rector for Employment, Lifelong Learning and Languages at the Polytechnic University of Valencia; Juan Llopis, Director of Institutional Relations and Projects at the University of Alicante; and Jaime Lloret and C\u00e9sar Bordehore, Joint Directors of the Centre. The event concluded with a closing address by Luis Fernando S\u00e1nchez Villena, Head of Public Domain at Valencia Port Authority.<\/span><\/p>\n<p>&nbsp;<\/p>\n<p><span style=\"color: #003366;\">This initiative forms part of Marina Port Valencia&#8217;s ambitious redevelopment plan, a transformation that will turn the area into a vibrant port-city hub featuring specialised zones, co-working spaces, lifestyle and dining areas, and an open refit yard. This bold redesign will boost Valencia&#8217;s standing as an international yachting destination and a leading model of sustainability.<\/span><\/p>\n<p>&nbsp;<\/p>\n<p><span style=\"color: #003366;\">The C\u00e1tedra del Mar aims to power new research, inspire innovation and boost scientific outreach in the responsible management of the marine environment and yachting activities. It also sets out to drive forward practices that unite environmental, economic and social sustainability, becoming a hub where universities, companies, public institutions and marine industry stakeholders can work together to tackle major challenges, such as decarbonising the yachting industry, strengthening the blue economy, improving waste and water management, expanding environmental education and accelerating innovation in clean technology.<\/span><\/p>\n<p>&nbsp;<\/p>\n<p><span style=\"color: #003366;\">In its initial phase, the Centre for Innovation in New Technologies and the Marine Environment will map sustainable Mediterranean marine projects and issue a technical report pushing the industry towards full decarbonisation. What&#8217;s more, it will roll out training programmes for industry leaders and companies, kick-start a pilot eco-restoration project to boost marine and terrestrial biodiversity, and run a wide-reaching social perception study on sustainable yachting, culminating in an open-access good-practice manual for the entire industry.<\/span><\/p>\n<p>&nbsp;<\/p>\n<p><span style=\"color: #003366;\">The scientific team will be led by Associate Professor Jaime Lloret from the Polytechnic University of Valencia, a specialist in digitisation and telecommunications applied to the marine environment, and by Associate Professor C\u00e9sar Bordehore from the University of Alicante, a leading academic figure in marine ecology. With knowledge spanning key areas such as biodiversity, conservation, applied research and the blue economy, further collaborations will come from Dr Bel\u00e9n Fouz Rodr\u00edguez, Dr Jos\u00e9 Tena Medialdea, Dr Esteban Morelle Hungr\u00eda, Dr Fernando de Rojas Mart\u00ednez-Parets and professionals from Valencia Oceanarium.<\/span><\/p>\n<p>&nbsp;<\/p>\n<p><span style=\"color: #003366;\">In his address, Jaime Lloret, Joint Director of the Centre, spotlighted the development of new technologies for the real-time monitoring of vital marine parameters \u2013 from hydrocarbons and pH to water velocity and even the presence and movement of fish \u2013 with the goal of transferring these innovations to the yachting industry and enhancing environmental management. Meanwhile, his fellow director C\u00e9sar Bordehore underlined the importance of understanding and modelling complex biological systems \u2013 such as jellyfish behaviour \u2013 as well as the urgent need to restore marine ecosystems and drive public awareness through educational initiatives.<\/span><\/p>\n<p>&nbsp;<\/p>\n<p><span style=\"color: #003366;\">The event wrapped up with a reception offered by Gourmet Catering, with the support of Asindown, bringing added social value and highlighting the inclusive, responsible character of the initiative.<\/span><\/p>\n","protected":false},"excerpt":{"rendered":"<p>Agreement elevating Valencia to the forefront of marine innovation signed at the Edificio del Reloj. This new educational centre will promote cutting-edge projects in sustainability, digitisation, training and conservation of [&hellip;]<\/p>\n","protected":false},"author":1,"featured_media":2259,"comment_status":"closed","ping_status":"closed","sticky":false,"template":"","format":"standard","meta":{"footnotes":""},"categories":[23],"tags":[],"class_list":["post-2260","post","type-post","status-publish","format-standard","has-post-thumbnail","hentry","category-news"],"yoast_head":"<!-- This site is optimized with the Yoast SEO plugin v27.1.1 - https:\/\/yoast.com\/product\/yoast-seo-wordpress\/ -->\n<title>MARINA PORT VALENCIA PRESENTS C\u00c1TEDRA DEL MAR: A NEW CATALYST FOR INNOVATION AND SUSTAINABILITY - Marina Port Valencia<\/title>\n<meta name=\"description\" content=\"MARINA PORT VALENCIA PRESENTS C\u00c1TEDRA DEL MAR: A NEW CATALYST FOR INNOVATION AND SUSTAINABILITY\" \/>\n<meta name=\"robots\" content=\"index, follow, max-snippet:-1, max-image-preview:large, max-video-preview:-1\" \/>\n<link rel=\"canonical\" href=\"https:\/\/marinaportvalencia.es\/en\/marina-port-valencia-presents-catedra-del-mar-a-new-catalyst-for-innovation-and-sustainability\/\" \/>\n<meta property=\"og:locale\" content=\"en_US\" \/>\n<meta property=\"og:type\" content=\"article\" \/>\n<meta property=\"og:title\" content=\"MARINA PORT VALENCIA PRESENTS C\u00c1TEDRA DEL MAR: A NEW CATALYST FOR INNOVATION AND SUSTAINABILITY - Marina Port Valencia\" \/>\n<meta property=\"og:description\" content=\"MARINA PORT VALENCIA PRESENTS C\u00c1TEDRA DEL MAR: A NEW CATALYST FOR INNOVATION AND SUSTAINABILITY\" \/>\n<meta property=\"og:url\" content=\"https:\/\/marinaportvalencia.es\/en\/marina-port-valencia-presents-catedra-del-mar-a-new-catalyst-for-innovation-and-sustainability\/\" \/>\n<meta property=\"og:site_name\" content=\"Marina Port Valencia\" \/>\n<meta property=\"article:publisher\" content=\"https:\/\/www.facebook.com\/profile.php?id=61565037191639\" \/>\n<meta property=\"article:published_time\" content=\"2025-11-25T11:31:37+00:00\" \/>\n<meta property=\"og:image\" content=\"https:\/\/marinaportvalencia.es\/wp-content\/uploads\/2025\/12\/PORTADAS-NOTAS-DE-PRENSA-1.png\" \/>\n\t<meta property=\"og:image:width\" content=\"800\" \/>\n\t<meta property=\"og:image:height\" content=\"600\" \/>\n\t<meta property=\"og:image:type\" content=\"image\/png\" \/>\n<meta name=\"author\" content=\"MPV\" \/>\n<meta name=\"twitter:card\" content=\"summary_large_image\" \/>\n<meta name=\"twitter:creator\" content=\"@MarinaportVLC\" \/>\n<meta name=\"twitter:site\" content=\"@MarinaportVLC\" \/>\n<meta name=\"twitter:label1\" content=\"Written by\" \/>\n\t<meta name=\"twitter:data1\" content=\"MPV\" \/>\n\t<meta name=\"twitter:label2\" content=\"Est. reading time\" \/>\n\t<meta name=\"twitter:data2\" content=\"4 minutes\" \/>\n<script type=\"application\/ld+json\" class=\"yoast-schema-graph\">{\"@context\":\"https:\/\/schema.org\",\"@graph\":[{\"@type\":\"Article\",\"@id\":\"https:\/\/marinaportvalencia.es\/en\/marina-port-valencia-presents-catedra-del-mar-a-new-catalyst-for-innovation-and-sustainability\/#article\",\"isPartOf\":{\"@id\":\"https:\/\/marinaportvalencia.es\/en\/marina-port-valencia-presents-catedra-del-mar-a-new-catalyst-for-innovation-and-sustainability\/\"},\"author\":{\"name\":\"MPV\",\"@id\":\"https:\/\/marinaportvalencia.es\/en\/#\/schema\/person\/f3dc4975a7ce77d760c2191f58405f23\"},\"headline\":\"MARINA PORT VALENCIA PRESENTS C\u00c1TEDRA DEL MAR: A NEW CATALYST FOR INNOVATION AND SUSTAINABILITY\",\"datePublished\":\"2025-11-25T11:31:37+00:00\",\"mainEntityOfPage\":{\"@id\":\"https:\/\/marinaportvalencia.es\/en\/marina-port-valencia-presents-catedra-del-mar-a-new-catalyst-for-innovation-and-sustainability\/\"},\"wordCount\":723,\"publisher\":{\"@id\":\"https:\/\/marinaportvalencia.es\/en\/#organization\"},\"image\":{\"@id\":\"https:\/\/marinaportvalencia.es\/en\/marina-port-valencia-presents-catedra-del-mar-a-new-catalyst-for-innovation-and-sustainability\/#primaryimage\"},\"thumbnailUrl\":\"https:\/\/marinaportvalencia.es\/wp-content\/uploads\/2025\/12\/PORTADAS-NOTAS-DE-PRENSA-1.png\",\"articleSection\":[\"News\"],\"inLanguage\":\"en-US\"},{\"@type\":\"WebPage\",\"@id\":\"https:\/\/marinaportvalencia.es\/en\/marina-port-valencia-presents-catedra-del-mar-a-new-catalyst-for-innovation-and-sustainability\/\",\"url\":\"https:\/\/marinaportvalencia.es\/en\/marina-port-valencia-presents-catedra-del-mar-a-new-catalyst-for-innovation-and-sustainability\/\",\"name\":\"MARINA PORT VALENCIA PRESENTS C\u00c1TEDRA DEL MAR: A NEW CATALYST FOR INNOVATION AND SUSTAINABILITY - Marina Port Valencia\",\"isPartOf\":{\"@id\":\"https:\/\/marinaportvalencia.es\/en\/#website\"},\"primaryImageOfPage\":{\"@id\":\"https:\/\/marinaportvalencia.es\/en\/marina-port-valencia-presents-catedra-del-mar-a-new-catalyst-for-innovation-and-sustainability\/#primaryimage\"},\"image\":{\"@id\":\"https:\/\/marinaportvalencia.es\/en\/marina-port-valencia-presents-catedra-del-mar-a-new-catalyst-for-innovation-and-sustainability\/#primaryimage\"},\"thumbnailUrl\":\"https:\/\/marinaportvalencia.es\/wp-content\/uploads\/2025\/12\/PORTADAS-NOTAS-DE-PRENSA-1.png\",\"datePublished\":\"2025-11-25T11:31:37+00:00\",\"description\":\"MARINA PORT VALENCIA PRESENTS C\u00c1TEDRA DEL MAR: A NEW CATALYST FOR INNOVATION AND SUSTAINABILITY\",\"breadcrumb\":{\"@id\":\"https:\/\/marinaportvalencia.es\/en\/marina-port-valencia-presents-catedra-del-mar-a-new-catalyst-for-innovation-and-sustainability\/#breadcrumb\"},\"inLanguage\":\"en-US\",\"potentialAction\":[{\"@type\":\"ReadAction\",\"target\":[\"https:\/\/marinaportvalencia.es\/en\/marina-port-valencia-presents-catedra-del-mar-a-new-catalyst-for-innovation-and-sustainability\/\"]}]},{\"@type\":\"ImageObject\",\"inLanguage\":\"en-US\",\"@id\":\"https:\/\/marinaportvalencia.es\/en\/marina-port-valencia-presents-catedra-del-mar-a-new-catalyst-for-innovation-and-sustainability\/#primaryimage\",\"url\":\"https:\/\/marinaportvalencia.es\/wp-content\/uploads\/2025\/12\/PORTADAS-NOTAS-DE-PRENSA-1.png\",\"contentUrl\":\"https:\/\/marinaportvalencia.es\/wp-content\/uploads\/2025\/12\/PORTADAS-NOTAS-DE-PRENSA-1.png\",\"width\":800,\"height\":600},{\"@type\":\"BreadcrumbList\",\"@id\":\"https:\/\/marinaportvalencia.es\/en\/marina-port-valencia-presents-catedra-del-mar-a-new-catalyst-for-innovation-and-sustainability\/#breadcrumb\",\"itemListElement\":[{\"@type\":\"ListItem\",\"position\":1,\"name\":\"Portada\",\"item\":\"https:\/\/marinaportvalencia.es\/en\/\"},{\"@type\":\"ListItem\",\"position\":2,\"name\":\"MARINA PORT VALENCIA PRESENTS C\u00c1TEDRA DEL MAR: A NEW CATALYST FOR INNOVATION AND SUSTAINABILITY\"}]},{\"@type\":\"WebSite\",\"@id\":\"https:\/\/marinaportvalencia.es\/en\/#website\",\"url\":\"https:\/\/marinaportvalencia.es\/en\/\",\"name\":\"Marina Port Valencia\",\"description\":\"\",\"publisher\":{\"@id\":\"https:\/\/marinaportvalencia.es\/en\/#organization\"},\"potentialAction\":[{\"@type\":\"SearchAction\",\"target\":{\"@type\":\"EntryPoint\",\"urlTemplate\":\"https:\/\/marinaportvalencia.es\/en\/?s={search_term_string}\"},\"query-input\":{\"@type\":\"PropertyValueSpecification\",\"valueRequired\":true,\"valueName\":\"search_term_string\"}}],\"inLanguage\":\"en-US\"},{\"@type\":\"Organization\",\"@id\":\"https:\/\/marinaportvalencia.es\/en\/#organization\",\"name\":\"Marina Port Valencia\",\"url\":\"https:\/\/marinaportvalencia.es\/en\/\",\"logo\":{\"@type\":\"ImageObject\",\"inLanguage\":\"en-US\",\"@id\":\"https:\/\/marinaportvalencia.es\/en\/#\/schema\/logo\/image\/\",\"url\":\"https:\/\/marinaportvalencia.es\/wp-content\/uploads\/2025\/06\/logo.png\",\"contentUrl\":\"https:\/\/marinaportvalencia.es\/wp-content\/uploads\/2025\/06\/logo.png\",\"width\":340,\"height\":75,\"caption\":\"Marina Port Valencia\"},\"image\":{\"@id\":\"https:\/\/marinaportvalencia.es\/en\/#\/schema\/logo\/image\/\"},\"sameAs\":[\"https:\/\/www.facebook.com\/profile.php?id=61565037191639\",\"https:\/\/x.com\/MarinaportVLC\",\"https:\/\/www.linkedin.com\/company\/mpvalencia\/\",\"https:\/\/www.instagram.com\/marinaportvalencia_\/\"]},{\"@type\":\"Person\",\"@id\":\"https:\/\/marinaportvalencia.es\/en\/#\/schema\/person\/f3dc4975a7ce77d760c2191f58405f23\",\"name\":\"MPV\",\"image\":{\"@type\":\"ImageObject\",\"inLanguage\":\"en-US\",\"@id\":\"https:\/\/marinaportvalencia.es\/en\/#\/schema\/person\/image\/\",\"url\":\"https:\/\/secure.gravatar.com\/avatar\/ab284ea22601efd1ba6e65d5516a4d61488114d6347ddc0b0c53004435a5a6e9?s=96&d=mm&r=g\",\"contentUrl\":\"https:\/\/secure.gravatar.com\/avatar\/ab284ea22601efd1ba6e65d5516a4d61488114d6347ddc0b0c53004435a5a6e9?s=96&d=mm&r=g\",\"caption\":\"MPV\"},\"sameAs\":[\"https:\/\/marinaportvalencia.es\/\",\"Administrador\"],\"url\":\"https:\/\/marinaportvalencia.es\/en\/author\/administrador\/\"}]}<\/script>\n<!-- \/ Yoast SEO plugin. -->","yoast_head_json":{"title":"MARINA PORT VALENCIA PRESENTS C\u00c1TEDRA DEL MAR: A NEW CATALYST FOR INNOVATION AND SUSTAINABILITY - Marina Port Valencia","description":"MARINA PORT VALENCIA PRESENTS C\u00c1TEDRA DEL MAR: A NEW CATALYST FOR INNOVATION AND SUSTAINABILITY","robots":{"index":"index","follow":"follow","max-snippet":"max-snippet:-1","max-image-preview":"max-image-preview:large","max-video-preview":"max-video-preview:-1"},"canonical":"https:\/\/marinaportvalencia.es\/en\/marina-port-valencia-presents-catedra-del-mar-a-new-catalyst-for-innovation-and-sustainability\/","og_locale":"en_US","og_type":"article","og_title":"MARINA PORT VALENCIA PRESENTS C\u00c1TEDRA DEL MAR: A NEW CATALYST FOR INNOVATION AND SUSTAINABILITY - Marina Port Valencia","og_description":"MARINA PORT VALENCIA PRESENTS C\u00c1TEDRA DEL MAR: A NEW CATALYST FOR INNOVATION AND SUSTAINABILITY","og_url":"https:\/\/marinaportvalencia.es\/en\/marina-port-valencia-presents-catedra-del-mar-a-new-catalyst-for-innovation-and-sustainability\/","og_site_name":"Marina Port Valencia","article_publisher":"https:\/\/www.facebook.com\/profile.php?id=61565037191639","article_published_time":"2025-11-25T11:31:37+00:00","og_image":[{"width":800,"height":600,"url":"https:\/\/marinaportvalencia.es\/wp-content\/uploads\/2025\/12\/PORTADAS-NOTAS-DE-PRENSA-1.png","type":"image\/png"}],"author":"MPV","twitter_card":"summary_large_image","twitter_creator":"@MarinaportVLC","twitter_site":"@MarinaportVLC","twitter_misc":{"Written by":"MPV","Est. reading time":"4 minutes"},"schema":{"@context":"https:\/\/schema.org","@graph":[{"@type":"Article","@id":"https:\/\/marinaportvalencia.es\/en\/marina-port-valencia-presents-catedra-del-mar-a-new-catalyst-for-innovation-and-sustainability\/#article","isPartOf":{"@id":"https:\/\/marinaportvalencia.es\/en\/marina-port-valencia-presents-catedra-del-mar-a-new-catalyst-for-innovation-and-sustainability\/"},"author":{"name":"MPV","@id":"https:\/\/marinaportvalencia.es\/en\/#\/schema\/person\/f3dc4975a7ce77d760c2191f58405f23"},"headline":"MARINA PORT VALENCIA PRESENTS C\u00c1TEDRA DEL MAR: A NEW CATALYST FOR INNOVATION AND SUSTAINABILITY","datePublished":"2025-11-25T11:31:37+00:00","mainEntityOfPage":{"@id":"https:\/\/marinaportvalencia.es\/en\/marina-port-valencia-presents-catedra-del-mar-a-new-catalyst-for-innovation-and-sustainability\/"},"wordCount":723,"publisher":{"@id":"https:\/\/marinaportvalencia.es\/en\/#organization"},"image":{"@id":"https:\/\/marinaportvalencia.es\/en\/marina-port-valencia-presents-catedra-del-mar-a-new-catalyst-for-innovation-and-sustainability\/#primaryimage"},"thumbnailUrl":"https:\/\/marinaportvalencia.es\/wp-content\/uploads\/2025\/12\/PORTADAS-NOTAS-DE-PRENSA-1.png","articleSection":["News"],"inLanguage":"en-US"},{"@type":"WebPage","@id":"https:\/\/marinaportvalencia.es\/en\/marina-port-valencia-presents-catedra-del-mar-a-new-catalyst-for-innovation-and-sustainability\/","url":"https:\/\/marinaportvalencia.es\/en\/marina-port-valencia-presents-catedra-del-mar-a-new-catalyst-for-innovation-and-sustainability\/","name":"MARINA PORT VALENCIA PRESENTS C\u00c1TEDRA DEL MAR: A NEW CATALYST FOR INNOVATION AND SUSTAINABILITY - Marina Port Valencia","isPartOf":{"@id":"https:\/\/marinaportvalencia.es\/en\/#website"},"primaryImageOfPage":{"@id":"https:\/\/marinaportvalencia.es\/en\/marina-port-valencia-presents-catedra-del-mar-a-new-catalyst-for-innovation-and-sustainability\/#primaryimage"},"image":{"@id":"https:\/\/marinaportvalencia.es\/en\/marina-port-valencia-presents-catedra-del-mar-a-new-catalyst-for-innovation-and-sustainability\/#primaryimage"},"thumbnailUrl":"https:\/\/marinaportvalencia.es\/wp-content\/uploads\/2025\/12\/PORTADAS-NOTAS-DE-PRENSA-1.png","datePublished":"2025-11-25T11:31:37+00:00","description":"MARINA PORT VALENCIA PRESENTS C\u00c1TEDRA DEL MAR: A NEW CATALYST FOR INNOVATION AND SUSTAINABILITY","breadcrumb":{"@id":"https:\/\/marinaportvalencia.es\/en\/marina-port-valencia-presents-catedra-del-mar-a-new-catalyst-for-innovation-and-sustainability\/#breadcrumb"},"inLanguage":"en-US","potentialAction":[{"@type":"ReadAction","target":["https:\/\/marinaportvalencia.es\/en\/marina-port-valencia-presents-catedra-del-mar-a-new-catalyst-for-innovation-and-sustainability\/"]}]},{"@type":"ImageObject","inLanguage":"en-US","@id":"https:\/\/marinaportvalencia.es\/en\/marina-port-valencia-presents-catedra-del-mar-a-new-catalyst-for-innovation-and-sustainability\/#primaryimage","url":"https:\/\/marinaportvalencia.es\/wp-content\/uploads\/2025\/12\/PORTADAS-NOTAS-DE-PRENSA-1.png","contentUrl":"https:\/\/marinaportvalencia.es\/wp-content\/uploads\/2025\/12\/PORTADAS-NOTAS-DE-PRENSA-1.png","width":800,"height":600},{"@type":"BreadcrumbList","@id":"https:\/\/marinaportvalencia.es\/en\/marina-port-valencia-presents-catedra-del-mar-a-new-catalyst-for-innovation-and-sustainability\/#breadcrumb","itemListElement":[{"@type":"ListItem","position":1,"name":"Portada","item":"https:\/\/marinaportvalencia.es\/en\/"},{"@type":"ListItem","position":2,"name":"MARINA PORT VALENCIA PRESENTS C\u00c1TEDRA DEL MAR: A NEW CATALYST FOR INNOVATION AND SUSTAINABILITY"}]},{"@type":"WebSite","@id":"https:\/\/marinaportvalencia.es\/en\/#website","url":"https:\/\/marinaportvalencia.es\/en\/","name":"Marina Port Valencia","description":"","publisher":{"@id":"https:\/\/marinaportvalencia.es\/en\/#organization"},"potentialAction":[{"@type":"SearchAction","target":{"@type":"EntryPoint","urlTemplate":"https:\/\/marinaportvalencia.es\/en\/?s={search_term_string}"},"query-input":{"@type":"PropertyValueSpecification","valueRequired":true,"valueName":"search_term_string"}}],"inLanguage":"en-US"},{"@type":"Organization","@id":"https:\/\/marinaportvalencia.es\/en\/#organization","name":"Marina Port Valencia","url":"https:\/\/marinaportvalencia.es\/en\/","logo":{"@type":"ImageObject","inLanguage":"en-US","@id":"https:\/\/marinaportvalencia.es\/en\/#\/schema\/logo\/image\/","url":"https:\/\/marinaportvalencia.es\/wp-content\/uploads\/2025\/06\/logo.png","contentUrl":"https:\/\/marinaportvalencia.es\/wp-content\/uploads\/2025\/06\/logo.png","width":340,"height":75,"caption":"Marina Port Valencia"},"image":{"@id":"https:\/\/marinaportvalencia.es\/en\/#\/schema\/logo\/image\/"},"sameAs":["https:\/\/www.facebook.com\/profile.php?id=61565037191639","https:\/\/x.com\/MarinaportVLC","https:\/\/www.linkedin.com\/company\/mpvalencia\/","https:\/\/www.instagram.com\/marinaportvalencia_\/"]},{"@type":"Person","@id":"https:\/\/marinaportvalencia.es\/en\/#\/schema\/person\/f3dc4975a7ce77d760c2191f58405f23","name":"MPV","image":{"@type":"ImageObject","inLanguage":"en-US","@id":"https:\/\/marinaportvalencia.es\/en\/#\/schema\/person\/image\/","url":"https:\/\/secure.gravatar.com\/avatar\/ab284ea22601efd1ba6e65d5516a4d61488114d6347ddc0b0c53004435a5a6e9?s=96&d=mm&r=g","contentUrl":"https:\/\/secure.gravatar.com\/avatar\/ab284ea22601efd1ba6e65d5516a4d61488114d6347ddc0b0c53004435a5a6e9?s=96&d=mm&r=g","caption":"MPV"},"sameAs":["https:\/\/marinaportvalencia.es\/","Administrador"],"url":"https:\/\/marinaportvalencia.es\/en\/author\/administrador\/"}]}},"_links":{"self":[{"href":"https:\/\/marinaportvalencia.es\/en\/wp-json\/wp\/v2\/posts\/2260","targetHints":{"allow":["GET"]}}],"collection":[{"href":"https:\/\/marinaportvalencia.es\/en\/wp-json\/wp\/v2\/posts"}],"about":[{"href":"https:\/\/marinaportvalencia.es\/en\/wp-json\/wp\/v2\/types\/post"}],"author":[{"embeddable":true,"href":"https:\/\/marinaportvalencia.es\/en\/wp-json\/wp\/v2\/users\/1"}],"replies":[{"embeddable":true,"href":"https:\/\/marinaportvalencia.es\/en\/wp-json\/wp\/v2\/comments?post=2260"}],"version-history":[{"count":0,"href":"https:\/\/marinaportvalencia.es\/en\/wp-json\/wp\/v2\/posts\/2260\/revisions"}],"wp:featuredmedia":[{"embeddable":true,"href":"https:\/\/marinaportvalencia.es\/en\/wp-json\/wp\/v2\/media\/2259"}],"wp:attachment":[{"href":"https:\/\/marinaportvalencia.es\/en\/wp-json\/wp\/v2\/media?parent=2260"}],"wp:term":[{"taxonomy":"category","embeddable":true,"href":"https:\/\/marinaportvalencia.es\/en\/wp-json\/wp\/v2\/categories?post=2260"},{"taxonomy":"post_tag","embeddable":true,"href":"https:\/\/marinaportvalencia.es\/en\/wp-json\/wp\/v2\/tags?post=2260"}],"curies":[{"name":"wp","href":"https:\/\/api.w.org\/{rel}","templated":true}]}}